{"id":1163,"date":"2020-07-30T07:00:00","date_gmt":"2020-07-30T07:00:00","guid":{"rendered":"https:\/\/intride.eu\/?p=1163"},"modified":"2020-12-24T11:03:08","modified_gmt":"2020-12-24T11:03:08","slug":"italian-survey-and-workshop","status":"publish","type":"post","link":"https:\/\/intride.eu\/pl\/italian-survey-and-workshop\/","title":{"rendered":"Analiza potrzeb w zakresie mi\u0119kkich, cyfrowych, zielonych kompetencji w bran\u017cy meblarskiej: Ankieta i warsztaty w j\u0119zyku w\u0142oskim"},"content":{"rendered":"<p><strong>ANKIETA (czerwiec, lipiec 2020)<\/strong><\/p>\n\n\n\n<p>W czerwcu i lipcu 2020 roku w\u0142oskie partnerstwo INTRIDE przes\u0142a\u0142o ankiet\u0119 na temat \u201eAnaliza potrzeb zwi\u0105zanych z mi\u0119kkimi, cyfrowymi, zielonymi kompetencjami  w bran\u017cy meblarskiej\u201d do 20 M\u015aP (3 mikro, 14 ma\u0142ych, 3 \u015brednie) pracuj\u0105cych w sektorze produkcyjnym, w szczeg\u00f3lno\u015bci w sektorze wn\u0119trz Toskanii.<\/p>\n\n\n\n<p>Umiej\u0119tno\u015bci wskazane jako najwa\u017cniejsze dotyczy\u0142y zarz\u0105dzania produktami i procesami, jako\u015bci oraz, w odniesieniu do marketingu cyfrowego, mo\u017cliwo\u015bci pozyskiwania danych dotycz\u0105cych rynku z narz\u0119dzi komunikacji cyfrowej.<\/p>\n\n\n\n<p>Wi\u0119kszo\u015b\u0107 ankietowanych firm zwraca uwag\u0119 na umiej\u0119tno\u015bci projektowania, rozumianego jako zwi\u0105zane ze \u015bwiatem wzornictwa, fundamentalne dla ich bran\u017cy, bior\u0105c pod uwag\u0119 zar\u00f3wno umiej\u0119tno\u015bci techniczne (modelowanie, rysowanie i uk\u0142ad, wzornictwo przemys\u0142owe itp.), Jak i zestaw umiej\u0119tno\u015bci bardziej strategicznych i metodologicznych (kreatywne my\u015blenie, badania projektowe, analiza operacji itp.).<\/p>\n\n\n\n<p>Na pierwszy plan wysun\u0119\u0142y si\u0119 umiej\u0119tno\u015bci (zewn\u0119trzne, ale tak\u017ce wewn\u0119trzne) zwi\u0105zane z marketingiem cyfrowym, zarz\u0105dzaniem kana\u0142ami sprzeda\u017cy e-commerce oraz komunikacj\u0105 za po\u015brednictwem kana\u0142\u00f3w spo\u0142eczno\u015bciowych, kt\u00f3re s\u0105 uwa\u017cane za niezwykle wa\u017cne i na kt\u00f3rych firmy deklaruj\u0105 zainteresowanie doskonaleniem.<\/p>\n\n\n\n<p>Zamiast tego, \u015brednia warto\u015bci wa\u017cno\u015bci przypisanych kompetencjom zielonym okaza\u0142a si\u0119 znacznie ni\u017csza ni\u017c kompetencji cyfrowych, projektowych i mi\u0119kkich.<\/p>\n\n\n\n<p>Wreszcie kryzys Covid ujawni\u0142 potrzeb\u0119 cyfryzacji system\u00f3w korporacyjnych, a co za tym idzie umiej\u0119tno\u015bci z tym zwi\u0105zanych, zar\u00f3wno w zakresie zarz\u0105dzania i kontroli proces\u00f3w  jak i w zakresie kana\u0142\u00f3w sprzeda\u017cy i promocji, jak i interakcji z rynkiem.<\/p>\n\n\n\n<p><\/p>\n\n\n\n<p><strong>WARSZTATY (czerwca 2020)<\/strong><\/p>\n\n\n\n<p>W\u0142oskie warsztaty zosta\u0142y przeprowadzone wirtualnie, przez DiD i DIDA jako moderatorzy, z udzia\u0142em 6 M\u015aP - producent\u00f3w mebli, 3 firmy technologiczne, 1 studio projektowe i 4 organizacje badawcze.<\/p>\n\n\n\n<p>Wszystkich sze\u015bciu producent\u00f3w mebli i wn\u0119trz by\u0142o powi\u0105zanych z r\u00f3\u017cnymi projektami badawczo-rozwojowymi (w trakcie opracowywania) zwi\u0105zanymi z zastosowaniem technologii w produktach meblarskich i \u015brodowiskach mieszkalnych. Studio projektowe wnios\u0142o do rynku percepcj\u0119 potrzeb, a firmy cyfrowe \/ technologiczne wspar\u0142o ich w definiowaniu kompetencji.<\/p>\n\n\n\n<p>Warsztat obejmowa\u0142 poni\u017csz\u0105 tematyk\u0119:<\/p>\n\n\n\n<ul><li>Przegl\u0105dzie kwestionariusza, kt\u00f3ry ka\u017cda firma wype\u0142ni\u0142a ju\u017c przed warsztatem<\/li><li>Analiza stanu faktycznego: zwi\u0105zana z pandemi\u0105<\/li><li>Przysz\u0142ych trendach w bran\u017cy i potrzeby kompetencji<\/li><\/ul>\n\n\n\n<p>Podczas warsztatu wyci\u0105gni\u0119to szereg wniosk\u00f3w, a najwa\u017cniejszymi z nich s\u0105:<\/p>\n\n\n\n<ul><li>Ze wzgl\u0119du na pandemi\u0119 ca\u0142kowicie zmieni\u0142 si\u0119 spos\u00f3b post\u0119powania z klientami w kierunku wirtualizacji i cyfryzacji wszystkich us\u0142ug (sprzeda\u017c, obs\u0142uga posprzeda\u017cowa). Firmy, nawet te mikro, b\u0119d\u0105 musia\u0142y dostosowa\u0107 codzienne i zarz\u0105dzanie i swoj\u0105 obecno\u015bci\u0105 na rynku na poziomie cyfrowym.&nbsp;<\/li><li>W najbli\u017cszej przysz\u0142o\u015bci najbardziej po\u017c\u0105dane b\u0119d\u0105 kompetencje zwi\u0105zane z e-commerce, marketingiem cyfrowym, zarz\u0105dzaniem mediami spo\u0142eczno\u015bciowymi.&nbsp;<\/li><li>Wi\u0119kszo\u015b\u0107 M\u015aP ma bardzo rozproszony terytorialny \u0142a\u0144cuch produkcyjny: nie zarz\u0105dzaj\u0105 bezpo\u015brednio liniami produkcyjnymi, a w wi\u0119kszo\u015bci przypadk\u00f3w zajmuj\u0105 si\u0119 jedynie monta\u017cem i wyko\u0144czeniem produkt\u00f3w. Robotyka, proces in\u017c. i przemys\u0142 4.0 nie s\u0105 postrzegane jako kluczowe.&nbsp;<\/li><li>Kompetencje cyfrowe i technologiczne b\u0119d\u0105 musia\u0142y by\u0107 zarz\u0105dzane \u0142\u0105cznie z umiej\u0119tno\u015bciami mi\u0119kkimi (zarz\u0105dzanie kryzysowe, kreatywno\u015b\u0107, praca zespo\u0142owa) oraz umiej\u0119tno\u015bciami projektowymi (wra\u017cliwo\u015b\u0107 estetyczna, metodologie projektowania), inaczej mog\u0105 okaza\u0107 si\u0119 bezu\u017cyteczne.&nbsp;<\/li><li>Rynek (szczeg\u00f3lnie sektor wysokiego szczebla) nie wymaga od firm meblarskich bezpo\u015bredniego dzia\u0142ania na rzecz zr\u00f3wnowa\u017conego rozwoju, ale ich waga w przysz\u0142o\u015bci b\u0119dzie ros\u0142a wraz z zainteresowaniem rynku, nawet na poziomie luksusowym. W rzeczywisto\u015bci zielone kompetencje s\u0105 tylko cz\u0119\u015bciowo wymagane przez sektor M\u015aP.<\/li><\/ul>","protected":false},"excerpt":{"rendered":"<p>W czerwcu i lipcu 2020 roku w\u0142oskie partnerstwo INTRIDE przes\u0142a\u0142o ankiet\u0119 na temat \u201eAnaliza potrzeb zwi\u0105zanych z mi\u0119kkimi, cyfrowymi, zielonymi kompetencjami w bran\u017cy meblarskiej\u201d do 20 M\u015aP (3 mikro, 14 ma\u0142ych, 3 \u015brednie) pracuj\u0105cych w sektorze produkcyjnym, w szczeg\u00f3lno\u015bci w sektorze wn\u0119trz Toskanii.\n\nUmiej\u0119tno\u015bci [\u2026]<\/p>","protected":false},"author":4,"featured_media":1178,"comment_status":"closed","ping_status":"open","sticky":false,"template":"","format":"standard","meta":[],"categories":[1],"tags":[],"_links":{"self":[{"href":"https:\/\/intride.eu\/pl\/wp-json\/wp\/v2\/posts\/1163"}],"collection":[{"href":"https:\/\/intride.eu\/pl\/wp-json\/wp\/v2\/posts"}],"about":[{"href":"https:\/\/intride.eu\/pl\/wp-json\/wp\/v2\/types\/post"}],"author":[{"embeddable":true,"href":"https:\/\/intride.eu\/pl\/wp-json\/wp\/v2\/users\/4"}],"replies":[{"embeddable":true,"href":"https:\/\/intride.eu\/pl\/wp-json\/wp\/v2\/comments?post=1163"}],"version-history":[{"count":3,"href":"https:\/\/intride.eu\/pl\/wp-json\/wp\/v2\/posts\/1163\/revisions"}],"predecessor-version":[{"id":1170,"href":"https:\/\/intride.eu\/pl\/wp-json\/wp\/v2\/posts\/1163\/revisions\/1170"}],"wp:featuredmedia":[{"embeddable":true,"href":"https:\/\/intride.eu\/pl\/wp-json\/wp\/v2\/media\/1178"}],"wp:attachment":[{"href":"https:\/\/intride.eu\/pl\/wp-json\/wp\/v2\/media?parent=1163"}],"wp:term":[{"taxonomy":"category","embeddable":true,"href":"https:\/\/intride.eu\/pl\/wp-json\/wp\/v2\/categories?post=1163"},{"taxonomy":"post_tag","embeddable":true,"href":"https:\/\/intride.eu\/pl\/wp-json\/wp\/v2\/tags?post=1163"}],"curies":[{"name":"wp","href":"https:\/\/api.w.org\/{rel}","templated":true}]}}