{"id":1589,"date":"2021-12-01T09:11:34","date_gmt":"2021-12-01T09:11:34","guid":{"rendered":"https:\/\/intride.eu\/?p=1589"},"modified":"2021-12-21T11:44:55","modified_gmt":"2021-12-21T11:44:55","slug":"advanced-course-design-for-sustainability-in-the-manufacturing-sector-20-ects-hybrid-course-february-july-2022","status":"publish","type":"post","link":"https:\/\/intride.eu\/ro\/advanced-course-design-for-sustainability-in-the-manufacturing-sector-20-ects-hybrid-course-february-july-2022\/","title":{"rendered":"Curs avansat \u201eDesign for Sustainability in the Manufacturing Sector\u201d \n20 ECTS \/ curs hibrid \/ februarie - iulie 2022"},"content":{"rendered":"<figure class=\"wp-block-embed is-type-video is-provider-youtube wp-block-embed-youtube wp-embed-aspect-16-9 wp-has-aspect-ratio\"><div class=\"wp-block-embed__wrapper\">\n<iframe loading=\"lazy\" title=\"INTRIDE Master Course presentation\" width=\"750\" height=\"422\" src=\"https:\/\/www.youtube.com\/embed\/BQi0lPQX1fY?feature=oembed\" frameborder=\"0\" allow=\"accelerometer; autoplay; clipboard-write; encrypted-media; gyroscope; picture-in-picture\" allowfullscreen><\/iframe>\n<\/div><\/figure>\n\n\n\n<p>Designerii sunt actori-cheie ai proceselor de inovare din cadrul IMM-urilor din sectorul de produc\u021bie din UE. Ei trebuie s\u0103 dob\u00e2ndeasc\u0103 \u0219i s\u0103 \u00ee\u0219i actualizeze \u00een mod constant competen\u021be multidisciplinare pentru a cre\u0219te competitivitatea IMM-urilor. Designerii vor fi viitorii declan\u0219atori ai inova\u021biei \u00een cadrul IMM-urilor  din sectorul de produc\u021bie din UE [...]<\/p>\n\n\n\n<p>\u00cen cadrul Proiectului INTRIDE, am realizat cursul avansat \u201eDesign for Sustainability in the Manufacturing Sector\u201d care vizeaz\u0103 formarea designerilor cu abilit\u0103\u021bi sociale, digitale \u0219i ecologice necesare pentru a face fa\u021b\u0103 noilor tendin\u021be \u0219i nevoi ale pie\u021bei \u0219i pentru a stimula \u0219i cataliza inova\u021bia \u00een companiile de produc\u021bie.<\/p>\n\n\n\n<p>Principalele subiecte explorate vor viza: economia circular\u0103, g\u00e2ndirea sistemic\u0103, sistemele productive \u0219i creative \u0219i strategiile sistemelor de produse \u0219i servicii legate de sectorul de produc\u021bie al IMM-urilor.<\/p>\n\n\n\n<div class=\"wp-block-group\"><div class=\"wp-block-group__inner-container\">\n<p class=\" translation-block\">The course will start on February the 10<sup>th<\/sup> and end on July the 1<sup>st<\/sup> of 2022. It is a 20 ECTS course, provided in a hybrid way (online and in person) and entirely in English. It will be practical and team-based. Most of the classes will be online, always during afternoons-evenings. Two students mobilities are foreseen: one at the beginning of the course in Barcelona \u2013 Spain (2 days) and another one to participate in the final workshop in Cluj-Napoca \u2013 Romania (5 days).<\/p>\n<\/div><\/div>\n\n\n\n<p>Dac\u0103 sunte\u021bi designer sau profesionist din acest sector, nu rata\u021bi aceast\u0103 excelent\u0103 oportunitate de formare. Cursul ofer\u0103 20 de \u00eenscrieri gratuite \u0219i include sprijin financiar pentru a acoperi c\u0103l\u0103toria \u0219i cazarea \u00een Barcelona \u0219i Cluj-Napoca.<\/p>\n\n\n\n<p>E\u0219ti interesat? ... atunci contacteaz\u0103-ne la <a href=\"mailto:intride.pm@gmail.com\" target=\"_blank\" rel=\"noreferrer noopener\">intride.pm@gmail.com<\/a>.<\/p>","protected":false},"excerpt":{"rendered":"<p><iframe loading=\"lazy\" width=\"560\" height=\"315\" src=\"https:\/\/www.youtube.com\/embed\/BQi0lPQX1fY\" title=\"YouTube video player\" frameborder=\"0\" allow=\"accelerometer; autoplay; clipboard-write; encrypted-media; gyroscope; picture-in-picture\" allowfullscreen><\/iframe><\/p>\n<p>Designerii sunt actori-cheie ai proceselor de inovare din cadrul IMM-urilor din sectorul de produc\u021bie din UE. Ei trebuie s\u0103 dob\u00e2ndeasc\u0103 \u0219i s\u0103 \u00ee\u0219i actualizeze \u00een mod constant competen\u021be multidisciplinare pentru a cre\u0219te competitivitatea IMM-urilor. Designerii vor fi viitorii declan\u0219atori ai inova\u021biei \u00een cadrul IMM-urilor  din sectorul de produc\u021bie din UE [...]<\/p>","protected":false},"author":9,"featured_media":0,"comment_status":"closed","ping_status":"open","sticky":false,"template":"","format":"standard","meta":[],"categories":[1],"tags":[],"_links":{"self":[{"href":"https:\/\/intride.eu\/ro\/wp-json\/wp\/v2\/posts\/1589"}],"collection":[{"href":"https:\/\/intride.eu\/ro\/wp-json\/wp\/v2\/posts"}],"about":[{"href":"https:\/\/intride.eu\/ro\/wp-json\/wp\/v2\/types\/post"}],"author":[{"embeddable":true,"href":"https:\/\/intride.eu\/ro\/wp-json\/wp\/v2\/users\/9"}],"replies":[{"embeddable":true,"href":"https:\/\/intride.eu\/ro\/wp-json\/wp\/v2\/comments?post=1589"}],"version-history":[{"count":10,"href":"https:\/\/intride.eu\/ro\/wp-json\/wp\/v2\/posts\/1589\/revisions"}],"predecessor-version":[{"id":1613,"href":"https:\/\/intride.eu\/ro\/wp-json\/wp\/v2\/posts\/1589\/revisions\/1613"}],"wp:attachment":[{"href":"https:\/\/intride.eu\/ro\/wp-json\/wp\/v2\/media?parent=1589"}],"wp:term":[{"taxonomy":"category","embeddable":true,"href":"https:\/\/intride.eu\/ro\/wp-json\/wp\/v2\/categories?post=1589"},{"taxonomy":"post_tag","embeddable":true,"href":"https:\/\/intride.eu\/ro\/wp-json\/wp\/v2\/tags?post=1589"}],"curies":[{"name":"wp","href":"https:\/\/api.w.org\/{rel}","templated":true}]}}